[{"@context":"https:\/\/schema.org\/","@type":"Article","@id":"https:\/\/www.ludana.cz\/uz-se-satny-nedelaji\/#Article","mainEntityOfPage":"https:\/\/www.ludana.cz\/uz-se-satny-nedelaji\/","headline":"U\u017e se \u0161atny ned\u011blaj\u00ed.","name":"U\u017e se \u0161atny ned\u011blaj\u00ed.","description":"Pro\u010d se te\u010f v nov\u00fdch bytech, kter\u00e9 se stav\u00ed, d\u011blaj\u00ed vestav\u011bn\u00e9 sk\u0159\u00edn\u011b, hned v s\u00edni, kdy\u017e vlezete do bytu? Je to naprosto jednoduch\u00e9, ve zbytku bytu toti\u017e sk\u0159\u00edn\u011b nejsou a nen\u00ed zde ani mal\u00e1 \u0161atna nebo sp\u00ed\u017e, kam byste si v\u011bci mohli uschovat. Kdy\u017e si kupujete jeden z nov\u00fdch vystav\u011bn\u00fdch byt\u016f, v\u011bt\u0161inou se v\u00edce hraje na design a prostor v byt\u011b, ne\u017e aby byl praktick\u00fd. Kdy\u017e si koup\u00edte byt 2 + kk, kde m\u00e1te v\u011bt\u0161\u00ed ob\u00fdvac\u00ed pokoj, kter\u00fd je propojen\u00fd s kuchy\u0148sk\u00fdm koutem je to sice praktick\u00e9 a m\u016f\u017eete vyu\u017e\u00edt i j\u00eddeln\u00ed prostor na n\u011bjak\u00e9 sk\u0159\u00edn\u011b, ale v\u011bt\u0161inou si ho nechcete zaskl\u00e1dat. Je to m\u00edsto, kde budete spole\u010dn\u011b ob\u011bdvat a odsud vid\u00edte na prosklenou terasu. Je to m\u00edsto, odkud budete vych\u00e1zet ven a u\u017e\u00edvat si m\u00edsta na terase. Kr\u00e1sn\u00e9 posezen\u00ed, v\u00ed\u0159ivou vanu a v\u00fdhled na m\u011bsto, kde v\u00e1m nikdo jin\u00fd nekouk\u00e1 na terasu ne\u017e vy. Ano i takov\u00e9 byty jsou a jsou velmi kr\u00e1sn\u00e9. Ov\u0161em nemaj\u00ed \u017e\u00e1dn\u00fd prostor na uskladn\u011bn\u00ed. Majitel\u00e9, co d\u016fm stav\u011bli, to vy\u0159e\u0161ili vestav\u011bn\u00fdmi sk\u0159\u00edn\u011bmi, kter\u00e9 zauj\u00edmaj\u00ed v chodb\u011b jednu celou st\u011bnu, a \u0159ekli si, \u017ee to sta\u010d\u00ed. Ano sta\u010d\u00ed to, ale tak na z\u00e1kladn\u00ed v\u011bci, kter\u00e9 m\u00e1 jeden \u010dlov\u011bk, ale co pro ty ostatn\u00ed? M\u016f\u017eete si nechat d\u00e1t sk\u0159\u00edn\u011b do lo\u017enice, kter\u00e1 jinak nebude vyu\u017e\u00edvan\u00e1, jen za \u00fa\u010delem sp\u00e1nku. V\u011bt\u0161inou jsou m\u00edstnosti na sp\u00e1nek v\u011bt\u0161\u00ed, ne\u017e \u010dlov\u011bk pot\u0159ebuje, kdy\u017e v n\u00ed bude opravdu jen sp\u00e1t. To v\u00e1m sta\u010d\u00ed m\u00edsto na postel a no\u010dn\u00ed stolek a nic v\u00edce nepot\u0159ebujete, kdy\u017e je tam m\u00edsto na v\u00edc, v\u011bt\u0161ina lid\u00ed zvol\u00ed sk\u0159\u00edn\u011b pr\u00e1v\u011b do lo\u017enice, kde nikomu nebudou vadit a budete si moci do nich ulo\u017eit v\u0161e pot\u0159ebn\u00e9. Nev\u00fdhodou nov\u00fdch byt\u016f je, \u017ee u\u017e na ulo\u017een\u00ed v\u011bc\u00ed p\u0159\u00edli\u0161 nemysl\u00ed. Vestav\u011bn\u00e9 sk\u0159\u00edn\u011b Sten-skrine.cz jsou skv\u011bl\u00e9, ale nikdy to nenahrad\u00ed \u0161atnu nebo jen malou m\u00edstnost, kter\u00e1 se d\u011blala ve star\u00fdch panelov\u00fdch domech. Byla to m\u00edstnost jen o p\u00e1r metrech, ale mohli jste si j\u00ed p\u0159izp\u016fsobit tak, \u017ee se v\u00e1m do n\u00ed ve\u0161lo, v\u0161e pot\u0159ebn\u00e9. Ulo\u017eili jste do n\u00ed v\u011bci na oble\u010den\u00ed, na \u00faklid i na ob\u010dasn\u00e9 u\u017e\u00edv\u00e1n\u00ed jako je stan, karimatky, spac\u00e1k a dal\u0161\u00ed v\u011bc\u00ed. To bylo u star\u00fdch byt\u016f velkou v\u00fdhodou. 3.7\/5 - (7 votes)","datePublished":"2024-06-26","dateModified":"2024-06-26","author":{"@type":"Person","@id":"https:\/\/www.ludana.cz\/author\/#Person","name":"","url":"https:\/\/www.ludana.cz\/author\/","identifier":1,"image":{"@type":"ImageObject","@id":"https:\/\/secure.gravatar.com\/avatar\/d3163b56da0fbe010a5181dcf7396b9bd721056c768c8d190d293b864efe53fe?s=96&d=mm&r=g","url":"https:\/\/secure.gravatar.com\/avatar\/d3163b56da0fbe010a5181dcf7396b9bd721056c768c8d190d293b864efe53fe?s=96&d=mm&r=g","height":96,"width":96}},"publisher":{"@type":"Organization","name":"ludana.cz","logo":{"@type":"ImageObject","@id":"\/logo.png","url":"\/logo.png","width":600,"height":60}},"image":{"@type":"ImageObject","@id":"https:\/\/www.ludana.cz\/wp-content\/uploads\/pexels-fotoaibe-813688_1.jpg","url":"https:\/\/www.ludana.cz\/wp-content\/uploads\/pexels-fotoaibe-813688_1.jpg","height":0,"width":0},"url":"https:\/\/www.ludana.cz\/uz-se-satny-nedelaji\/","about":["Nakupov\u00e1n\u00ed"],"wordCount":466,"articleBody":"   Pro\u010d se te\u010f v nov\u00fdch bytech, kter\u00e9 se stav\u00ed, d\u011blaj\u00ed vestav\u011bn\u00e9 sk\u0159\u00edn\u011b, hned v s\u00edni, kdy\u017e vlezete do bytu? Je to naprosto jednoduch\u00e9, ve zbytku bytu toti\u017e sk\u0159\u00edn\u011b nejsou a nen\u00ed zde ani mal\u00e1 \u0161atna nebo sp\u00ed\u017e, kam byste si v\u011bci mohli uschovat. Kdy\u017e si kupujete jeden z nov\u00fdch vystav\u011bn\u00fdch byt\u016f, v\u011bt\u0161inou se v\u00edce hraje na design a prostor v byt\u011b, ne\u017e aby byl praktick\u00fd. Kdy\u017e si koup\u00edte byt 2 + kk, kde m\u00e1te v\u011bt\u0161\u00ed ob\u00fdvac\u00ed pokoj, kter\u00fd je propojen\u00fd s kuchy\u0148sk\u00fdm koutem je to sice praktick\u00e9 a m\u016f\u017eete vyu\u017e\u00edt i j\u00eddeln\u00ed prostor na n\u011bjak\u00e9 sk\u0159\u00edn\u011b, ale v\u011bt\u0161inou si ho nechcete zaskl\u00e1dat. Je to m\u00edsto, kde budete spole\u010dn\u011b ob\u011bdvat a odsud vid\u00edte na prosklenou terasu. Je to m\u00edsto, odkud budete vych\u00e1zet ven a u\u017e\u00edvat si m\u00edsta na terase. Kr\u00e1sn\u00e9 posezen\u00ed, v\u00ed\u0159ivou vanu a v\u00fdhled na m\u011bsto, kde v\u00e1m nikdo jin\u00fd nekouk\u00e1 na terasu ne\u017e vy. Ano i takov\u00e9 byty jsou a jsou velmi kr\u00e1sn\u00e9. Ov\u0161em nemaj\u00ed \u017e\u00e1dn\u00fd prostor na uskladn\u011bn\u00ed. Majitel\u00e9, co d\u016fm stav\u011bli, to vy\u0159e\u0161ili vestav\u011bn\u00fdmi sk\u0159\u00edn\u011bmi, kter\u00e9 zauj\u00edmaj\u00ed v chodb\u011b jednu celou st\u011bnu, a \u0159ekli si, \u017ee to sta\u010d\u00ed. Ano sta\u010d\u00ed to, ale tak na z\u00e1kladn\u00ed v\u011bci, kter\u00e9 m\u00e1 jeden \u010dlov\u011bk, ale co pro ty ostatn\u00ed? M\u016f\u017eete si nechat d\u00e1t sk\u0159\u00edn\u011b do lo\u017enice, kter\u00e1 jinak nebude vyu\u017e\u00edvan\u00e1, jen za \u00fa\u010delem sp\u00e1nku. V\u011bt\u0161inou jsou m\u00edstnosti na sp\u00e1nek v\u011bt\u0161\u00ed, ne\u017e \u010dlov\u011bk pot\u0159ebuje, kdy\u017e v n\u00ed bude opravdu jen sp\u00e1t. To v\u00e1m sta\u010d\u00ed m\u00edsto na postel a no\u010dn\u00ed stolek a nic v\u00edce nepot\u0159ebujete, kdy\u017e je tam m\u00edsto na v\u00edc, v\u011bt\u0161ina lid\u00ed zvol\u00ed sk\u0159\u00edn\u011b pr\u00e1v\u011b do lo\u017enice, kde nikomu nebudou vadit a budete si moci do nich ulo\u017eit v\u0161e pot\u0159ebn\u00e9. Nev\u00fdhodou nov\u00fdch byt\u016f je, \u017ee u\u017e na ulo\u017een\u00ed v\u011bc\u00ed p\u0159\u00edli\u0161 nemysl\u00ed. Vestav\u011bn\u00e9 sk\u0159\u00edn\u011b Sten-skrine.cz jsou skv\u011bl\u00e9, ale nikdy to nenahrad\u00ed \u0161atnu nebo jen malou m\u00edstnost, kter\u00e1 se d\u011blala ve star\u00fdch panelov\u00fdch domech. Byla to m\u00edstnost jen o p\u00e1r metrech, ale mohli jste si j\u00ed p\u0159izp\u016fsobit tak, \u017ee se v\u00e1m do n\u00ed ve\u0161lo, v\u0161e pot\u0159ebn\u00e9. Ulo\u017eili jste do n\u00ed v\u011bci na oble\u010den\u00ed, na \u00faklid i na ob\u010dasn\u00e9 u\u017e\u00edv\u00e1n\u00ed jako je stan, karimatky, spac\u00e1k a dal\u0161\u00ed v\u011bc\u00ed. To bylo u star\u00fdch byt\u016f velkou v\u00fdhodou.                                                                                                                                                                                                                                                                                                                                                                                           3.7\/5 - (7 votes)        "},{"@context":"https:\/\/schema.org\/","@type":"BreadcrumbList","itemListElement":[{"@type":"ListItem","position":1,"name":"U\u017e se \u0161atny ned\u011blaj\u00ed.","item":"https:\/\/www.ludana.cz\/uz-se-satny-nedelaji\/#breadcrumbitem"}]}]