[{"@context":"https:\/\/schema.org\/","@type":"Article","@id":"https:\/\/www.ludana.cz\/uklidime-za-vas\/#Article","mainEntityOfPage":"https:\/\/www.ludana.cz\/uklidime-za-vas\/","headline":"Uklid\u00edme za v\u00e1s","name":"Uklid\u00edme za v\u00e1s","description":"Jak \u010dasto si doma ukl\u00edz\u00edte? M\u00edt doma uklizeno je norm\u00e1ln\u00ed, ale co kdy\u017e se jedn\u00e1 o \u00faklid chodby a nebo v\u00fdtahu v bytov\u00e9m dom\u011b? Nen\u00ed jednoduch\u00e9 m\u00edt uklizen\u00e9 spole\u010dn\u00e9 \u010d\u00e1sti bytov\u00e9ho domu, proto\u017ee je u\u017e\u00edv\u00e1 velk\u00e9 mno\u017estv\u00ed lid\u00ed. A ruku na srdce &#8211; doma se ka\u017ed\u00fd chov\u00e1 jinak ne\u017e na chodb\u011b nebo ve v\u00fdtahu. B\u011b\u017en\u00fd \u00faklid si v\u011bt\u0161ina lid\u00ed d\u011bl\u00e1 jednou t\u00fddn\u011b, a podobn\u011b \u010dasto se ukl\u00edz\u00ed i spole\u010dn\u00e9 prostory. U\u017e za dob na\u0161ich prarodi\u010d\u016f bylo b\u011b\u017en\u00e9, \u017ee se v\u0161echny byty v \u00faklidu prost\u0159\u00eddaly. Ka\u017ed\u00fd byt tak m\u011bl na starosti kompletn\u00ed \u00faklid a v\u0161ichni uklidili spole\u010dn\u00e9 prostory podobn\u011b \u010dasto. Jen\u017ee n\u011bkdy je domluva t\u011b\u017ek\u00e1 a n\u011bkdy zkr\u00e1tka ka\u017ed\u00fd nem\u00e1 \u010das nebo mo\u017enost uklidit. Kdy\u017e je zrovna n\u011bkdo nemocn\u00fd a m\u00e1 zrovna ukl\u00edzet, n\u011bkomu to m\u016f\u017ee vadit a tak vznikaj\u00ed zbyte\u010dn\u00e9 h\u00e1dky. Jednotliv\u00e9 dom\u00e1cnosti st\u00e1le \u010dast\u011bji vyu\u017e\u00edvaj\u00ed \u00faklidov\u00e9 slu\u017eby. Nen\u00ed ostuda si nechat uklidit profesion\u00e1ly, tak pro\u010d tot\u00e9\u017e nezajistit cel\u00e9mu bytov\u00e9mu domu? Je to jednodu\u0161\u0161\u00ed, nikdo nemus\u00ed hl\u00eddat zda zrovna nem\u00e1 \u00faklid jejich rodina, a m\u00e1te zaru\u010deno, \u017ee bude uklizeno opravdu v\u0161e a daleko l\u00e9pe, ne\u017e kdy\u017e se o \u00faklid d\u011bl\u00ed jednotliv\u00ed obyvatel\u00e9. Jist\u011b uzn\u00e1te, \u017ee u sebe doma ukl\u00edz\u00edte mnohem v\u00edc ne\u017e na chodb\u011b. \u00daklid spole\u010dn\u00fdch prostor bytov\u00fdch dom\u016f m\u016f\u017eete p\u0159enechat n\u00e1m. Postar\u00e1me se o to, aby to u v\u00e1s na chodb\u00e1ch i jinde vypadalo daleko l\u00e9pe ne\u017e te\u010f. M\u016f\u017eete se spolehnout na to, \u017ee \u00faklid bude na vysok\u00e9 \u00farovni. Sta\u010d\u00ed se dohodnout, co v\u0161echno se m\u00e1 ukl\u00edzet ka\u017ed\u00fd t\u00fdden, a co v\u00e1m postav\u00ed t\u0159eba jednou za m\u011bs\u00edc \u010di jednou za rok. Nab\u00edz\u00edme v\u00e1m nejen \u00faklid spole\u010dn\u00fdch prostor, ale i \u00faklid va\u0161\u00ed dom\u00e1cnosti. Pokud n\u011bkdy nest\u00edh\u00e1te nebo z jak\u00e9hokoliv d\u016fvodu chcete m\u00edt uklizeni bez n\u00e1mahy, je vyu\u017eit\u00ed \u00faklidov\u00e9 slu\u017eby skv\u011bl\u00e1 volba. Bez n\u00e1mahy budete m\u00edt uklizeno, a u\u0161et\u0159en\u00fd \u010das m\u016f\u017eete vyu\u017e\u00edt daleko l\u00e9pe. Tak pro\u010d ho neu\u0161et\u0159it pr\u00e1v\u011b t\u00edm, \u017ee si nech\u00e1te uklidit? Ceny jsou p\u0159\u00edzniv\u00e9, tak se n\u00e1m ozv\u011bte. 5\/5 - (3 votes)","datePublished":"2024-05-12","dateModified":"2024-06-12","author":{"@type":"Person","@id":"https:\/\/www.ludana.cz\/author\/#Person","name":"","url":"https:\/\/www.ludana.cz\/author\/","identifier":1,"image":{"@type":"ImageObject","@id":"https:\/\/secure.gravatar.com\/avatar\/d3163b56da0fbe010a5181dcf7396b9bd721056c768c8d190d293b864efe53fe?s=96&d=mm&r=g","url":"https:\/\/secure.gravatar.com\/avatar\/d3163b56da0fbe010a5181dcf7396b9bd721056c768c8d190d293b864efe53fe?s=96&d=mm&r=g","height":96,"width":96}},"publisher":{"@type":"Organization","name":"ludana.cz","logo":{"@type":"ImageObject","@id":"\/logo.png","url":"\/logo.png","width":600,"height":60}},"image":{"@type":"ImageObject","@id":"https:\/\/www.ludana.cz\/wp-content\/uploads\/feather-duster-709124_640_10_10_10_3.jpg","url":"https:\/\/www.ludana.cz\/wp-content\/uploads\/feather-duster-709124_640_10_10_10_3.jpg","height":0,"width":0},"url":"https:\/\/www.ludana.cz\/uklidime-za-vas\/","about":["Firmy"],"wordCount":421,"articleBody":"      Jak \u010dasto si doma ukl\u00edz\u00edte? M\u00edt doma uklizeno je norm\u00e1ln\u00ed, ale co kdy\u017e se jedn\u00e1 o \u00faklid chodby a nebo v\u00fdtahu v bytov\u00e9m dom\u011b? Nen\u00ed jednoduch\u00e9 m\u00edt uklizen\u00e9 spole\u010dn\u00e9 \u010d\u00e1sti bytov\u00e9ho domu, proto\u017ee je u\u017e\u00edv\u00e1 velk\u00e9 mno\u017estv\u00ed lid\u00ed. A ruku na srdce &#8211; doma se ka\u017ed\u00fd chov\u00e1 jinak ne\u017e na chodb\u011b nebo ve v\u00fdtahu. B\u011b\u017en\u00fd \u00faklid si v\u011bt\u0161ina lid\u00ed d\u011bl\u00e1 jednou t\u00fddn\u011b, a podobn\u011b \u010dasto se ukl\u00edz\u00ed i spole\u010dn\u00e9 prostory. U\u017e za dob na\u0161ich prarodi\u010d\u016f bylo b\u011b\u017en\u00e9, \u017ee se v\u0161echny byty v \u00faklidu prost\u0159\u00eddaly. Ka\u017ed\u00fd byt tak m\u011bl na starosti kompletn\u00ed \u00faklid a v\u0161ichni uklidili spole\u010dn\u00e9 prostory podobn\u011b \u010dasto. Jen\u017ee n\u011bkdy je domluva t\u011b\u017ek\u00e1 a n\u011bkdy zkr\u00e1tka ka\u017ed\u00fd nem\u00e1 \u010das nebo mo\u017enost uklidit. Kdy\u017e je zrovna n\u011bkdo nemocn\u00fd a m\u00e1 zrovna ukl\u00edzet, n\u011bkomu to m\u016f\u017ee vadit a tak vznikaj\u00ed zbyte\u010dn\u00e9 h\u00e1dky.Jednotliv\u00e9 dom\u00e1cnosti st\u00e1le \u010dast\u011bji vyu\u017e\u00edvaj\u00ed \u00faklidov\u00e9 slu\u017eby. Nen\u00ed ostuda si nechat uklidit profesion\u00e1ly, tak pro\u010d tot\u00e9\u017e nezajistit cel\u00e9mu bytov\u00e9mu domu? Je to jednodu\u0161\u0161\u00ed, nikdo nemus\u00ed hl\u00eddat zda zrovna nem\u00e1 \u00faklid jejich rodina, a m\u00e1te zaru\u010deno, \u017ee bude uklizeno opravdu v\u0161e a daleko l\u00e9pe, ne\u017e kdy\u017e se o \u00faklid d\u011bl\u00ed jednotliv\u00ed obyvatel\u00e9. Jist\u011b uzn\u00e1te, \u017ee u sebe doma ukl\u00edz\u00edte mnohem v\u00edc ne\u017e na chodb\u011b.\u00daklid spole\u010dn\u00fdch prostor bytov\u00fdch dom\u016f m\u016f\u017eete p\u0159enechat n\u00e1m. Postar\u00e1me se o to, aby to u v\u00e1s na chodb\u00e1ch i jinde vypadalo daleko l\u00e9pe ne\u017e te\u010f. M\u016f\u017eete se spolehnout na to, \u017ee \u00faklid bude na vysok\u00e9 \u00farovni. Sta\u010d\u00ed se dohodnout, co v\u0161echno se m\u00e1 ukl\u00edzet ka\u017ed\u00fd t\u00fdden, a co v\u00e1m postav\u00ed t\u0159eba jednou za m\u011bs\u00edc \u010di jednou za rok.Nab\u00edz\u00edme v\u00e1m nejen \u00faklid spole\u010dn\u00fdch prostor, ale i \u00faklid va\u0161\u00ed dom\u00e1cnosti. Pokud n\u011bkdy nest\u00edh\u00e1te nebo z jak\u00e9hokoliv d\u016fvodu chcete m\u00edt uklizeni bez n\u00e1mahy, je vyu\u017eit\u00ed \u00faklidov\u00e9 slu\u017eby skv\u011bl\u00e1 volba. Bez n\u00e1mahy budete m\u00edt uklizeno, a u\u0161et\u0159en\u00fd \u010das m\u016f\u017eete vyu\u017e\u00edt daleko l\u00e9pe. Tak pro\u010d ho neu\u0161et\u0159it pr\u00e1v\u011b t\u00edm, \u017ee si nech\u00e1te uklidit? Ceny jsou p\u0159\u00edzniv\u00e9, tak se n\u00e1m ozv\u011bte.                                                                                                                                                                                                                                                                                                                                                                                          5\/5 - (3 votes)        "},{"@context":"https:\/\/schema.org\/","@type":"BreadcrumbList","itemListElement":[{"@type":"ListItem","position":1,"name":"Uklid\u00edme za v\u00e1s","item":"https:\/\/www.ludana.cz\/uklidime-za-vas\/#breadcrumbitem"}]}]