[{"@context":"https:\/\/schema.org\/","@type":"Article","@id":"https:\/\/www.ludana.cz\/rodice-mohou-za-vychovu-deti\/#Article","mainEntityOfPage":"https:\/\/www.ludana.cz\/rodice-mohou-za-vychovu-deti\/","headline":"Rodi\u010de mohou za v\u00fdchovu d\u011bt\u00ed","name":"Rodi\u010de mohou za v\u00fdchovu d\u011bt\u00ed","description":"D\u011bti n\u00e1m v \u017eivot\u011b d\u00e1vaj\u00ed velk\u00fd smysl. D\u011bti jsou velk\u00e1 radost, proto n\u00e1m d\u011blaj\u00ed radost, u\u017e jenom t\u00edm, jak se kr\u00e1sn\u011b sm\u011bj\u00ed a d\u00e1vaj\u00ed najevo tu velkou a up\u0159\u00edmnou l\u00e1sku. Mal\u00e9 d\u011bti prost\u011b nejsou pomluva\u010dn\u00e9, jsou \u00fa\u017easn\u00e9, up\u0159\u00edmn\u00e9 a \u0159eknou v\u011bci tak jak jsou. Tohle u\u017e prost\u011b dosp\u011bl\u00ed lid\u00e9 neum\u00ed \u0159\u00edct, proto\u017ee oni neust\u00e1le maj\u00ed n\u011bjak\u00fd probl\u00e9m s n\u011bjak\u00fdmi jin\u00fdmi lidmi, ale ty mal\u00e9 d\u011bti k sob\u011b p\u0159ijmou naprosto ka\u017ed\u00e9ho. Ka\u017ed\u00fd dosp\u011bl\u00fd \u010dlov\u011bk byl d\u00edt\u011b a ka\u017ed\u00fd si pamatuje, jak\u00e9 to bylo, kdy\u017e jsme byli d\u011bti. Samoz\u0159ejm\u011b v dne\u0161n\u00ed dob\u011b by v\u0161echno m\u011blo b\u00fdt opravdu v z\u00e1jmu d\u00edt\u011bte, tohle se ale moc ned\u011bje, p\u0159ev\u00e1\u017en\u011b rodi\u010de rozhoduj\u00ed o tom, co bude d\u00edt\u011b d\u011blat, kde bude nav\u0161t\u011bvovat \u0161kolu, a v\u016fbec se nejedn\u00e1 o z\u00e1jmy d\u011bt\u00ed. Samoz\u0159ejm\u011b \u010d\u00edm jsou d\u011bti v\u011bt\u0161\u00ed, tak maj\u00ed tak\u00e9 svoje z\u00e1jmy, ale rodi\u010de t\u0159eba kolikr\u00e1t to ani nerespektuj\u00ed, co\u017e je opravdu velmi \u0161patn\u011b, proto\u017ee ka\u017ed\u00fd rodi\u010d by m\u011bl respektovat to, co d\u00edt\u011b chce a nechce d\u011blat. Tohle je p\u0159esn\u011b pro budouc\u00ed \u017eivot na\u0161ich d\u011bt\u00ed velice d\u016fle\u017eit\u00e9. Pravdou je, pokud rodi\u010de v\u011bd\u00ed, \u017ee se jedn\u00e1 o zvl\u00e1\u0161tn\u00ed v\u011bc, kter\u00e1 je velice d\u016fle\u017eit\u00e1, tak samoz\u0159ejm\u011b je d\u016fle\u017eit\u00e9, aby ty d\u011bti byly vzd\u011blan\u00e9, aby se sna\u017eili n\u011bjak pro ten budouc\u00ed \u017eivot, proto\u017ee ten je pro na\u0161e d\u011bti d\u016fle\u017eit\u00fd. Pokud samoz\u0159ejm\u011b rodi\u010de vid\u00ed, \u017ee t\u0159eba jejich d\u00edt\u011b v n\u011b\u010dem neprosp\u00edv\u00e1, nebo by cht\u011bli n\u011bco zm\u011bnit, tak samoz\u0159ejm\u011b rodi\u010de hodn\u011b do toho zasahuj\u00ed, ale t\u0159eba to d\u00edt\u011b to po\u0159\u00e1d samo chce a rodi\u010de si to neuv\u011bdomuj\u00ed. Proto bychom m\u011bli hodn\u011b d\u011btem naslouchat, proto\u017ee, kdy\u017e budeme naslouchat d\u011btem, tak je to to nejd\u016fle\u017eit\u011bj\u0161\u00ed pro n\u00e1s v \u017eivot\u011b. \u017divot d\u011btem, my bychom se m\u011bli sna\u017eit ud\u011blat co nejp\u0159\u00edjemn\u011bj\u0161\u00ed, co nejhez\u010d\u00ed, aby ty na\u0161e d\u011bti m\u011bly ty nejkr\u00e1sn\u011bj\u0161\u00ed vzpom\u00ednky, i proto jak budou dosp\u011bl\u00ed, proto\u017ee jak d\u011bti vychov\u00e1me, tak takhle se to na nich projev\u00ed i v dosp\u011blosti. Proto je opravdu d\u016fle\u017eit\u00e9 db\u00e1t na to, aby na\u0161e d\u011bti byly spokojen\u00e9 a \u017eily ten kr\u00e1sn\u00fd \u017eivot ve vzpom\u00ednk\u00e1ch, kter\u00e9 jako my rodi\u010de jim cel\u00fd \u017eivot d\u00e1v\u00e1me od jejich narozen\u00ed. 4.1\/5 - (11 votes)","datePublished":"2023-12-08","dateModified":"2023-12-08","author":{"@type":"Person","@id":"https:\/\/www.ludana.cz\/author\/#Person","name":"","url":"https:\/\/www.ludana.cz\/author\/","identifier":1,"image":{"@type":"ImageObject","@id":"https:\/\/secure.gravatar.com\/avatar\/d3163b56da0fbe010a5181dcf7396b9bd721056c768c8d190d293b864efe53fe?s=96&d=mm&r=g","url":"https:\/\/secure.gravatar.com\/avatar\/d3163b56da0fbe010a5181dcf7396b9bd721056c768c8d190d293b864efe53fe?s=96&d=mm&r=g","height":96,"width":96}},"publisher":{"@type":"Organization","name":"ludana.cz","logo":{"@type":"ImageObject","@id":"\/logo.png","url":"\/logo.png","width":600,"height":60}},"image":{"@type":"ImageObject","@id":"https:\/\/www.ludana.cz\/wp-content\/uploads\/child-3837317_1280_2.jpg","url":"https:\/\/www.ludana.cz\/wp-content\/uploads\/child-3837317_1280_2.jpg","height":0,"width":0},"url":"https:\/\/www.ludana.cz\/rodice-mohou-za-vychovu-deti\/","about":["D\u011bti"],"wordCount":474,"articleBody":"D\u011bti n\u00e1m v \u017eivot\u011b d\u00e1vaj\u00ed velk\u00fd smysl. D\u011bti jsou velk\u00e1 radost, proto n\u00e1m d\u011blaj\u00ed radost, u\u017e jenom t\u00edm, jak se kr\u00e1sn\u011b sm\u011bj\u00ed a d\u00e1vaj\u00ed najevo tu velkou a up\u0159\u00edmnou l\u00e1sku. Mal\u00e9 d\u011bti prost\u011b nejsou pomluva\u010dn\u00e9, jsou \u00fa\u017easn\u00e9, up\u0159\u00edmn\u00e9 a \u0159eknou v\u011bci tak jak jsou. Tohle u\u017e prost\u011b dosp\u011bl\u00ed lid\u00e9 neum\u00ed \u0159\u00edct, proto\u017ee oni neust\u00e1le maj\u00ed n\u011bjak\u00fd probl\u00e9m s n\u011bjak\u00fdmi jin\u00fdmi lidmi, ale ty mal\u00e9 d\u011bti k sob\u011b p\u0159ijmou naprosto ka\u017ed\u00e9ho. Ka\u017ed\u00fd dosp\u011bl\u00fd \u010dlov\u011bk byl d\u00edt\u011b a ka\u017ed\u00fd si pamatuje, jak\u00e9 to bylo, kdy\u017e jsme byli d\u011bti. Samoz\u0159ejm\u011b v dne\u0161n\u00ed dob\u011b by v\u0161echno m\u011blo b\u00fdt opravdu v z\u00e1jmu d\u00edt\u011bte, tohle se ale moc ned\u011bje, p\u0159ev\u00e1\u017en\u011b rodi\u010de rozhoduj\u00ed o tom, co bude d\u00edt\u011b d\u011blat, kde bude nav\u0161t\u011bvovat \u0161kolu, a v\u016fbec se nejedn\u00e1 o z\u00e1jmy d\u011bt\u00ed. Samoz\u0159ejm\u011b \u010d\u00edm jsou d\u011bti v\u011bt\u0161\u00ed, tak maj\u00ed tak\u00e9 svoje z\u00e1jmy, ale rodi\u010de t\u0159eba kolikr\u00e1t to ani nerespektuj\u00ed, co\u017e je opravdu velmi \u0161patn\u011b, proto\u017ee ka\u017ed\u00fd rodi\u010d by m\u011bl respektovat to, co d\u00edt\u011b chce a nechce d\u011blat. Tohle je p\u0159esn\u011b pro budouc\u00ed \u017eivot na\u0161ich d\u011bt\u00ed velice d\u016fle\u017eit\u00e9. Pravdou je, pokud rodi\u010de v\u011bd\u00ed, \u017ee se jedn\u00e1 o zvl\u00e1\u0161tn\u00ed v\u011bc, kter\u00e1 je velice d\u016fle\u017eit\u00e1, tak samoz\u0159ejm\u011b je d\u016fle\u017eit\u00e9, aby ty d\u011bti byly vzd\u011blan\u00e9, aby se sna\u017eili n\u011bjak pro ten budouc\u00ed \u017eivot, proto\u017ee ten je pro na\u0161e d\u011bti d\u016fle\u017eit\u00fd.Pokud samoz\u0159ejm\u011b rodi\u010de vid\u00ed, \u017ee t\u0159eba jejich d\u00edt\u011b v n\u011b\u010dem neprosp\u00edv\u00e1, nebo by cht\u011bli n\u011bco zm\u011bnit, tak samoz\u0159ejm\u011b rodi\u010de hodn\u011b do toho zasahuj\u00ed, ale t\u0159eba to d\u00edt\u011b to po\u0159\u00e1d samo chce a rodi\u010de si to neuv\u011bdomuj\u00ed. Proto bychom m\u011bli hodn\u011b d\u011btem naslouchat, proto\u017ee, kdy\u017e budeme naslouchat d\u011btem, tak je to to nejd\u016fle\u017eit\u011bj\u0161\u00ed pro n\u00e1s v \u017eivot\u011b. \u017divot d\u011btem, my bychom se m\u011bli sna\u017eit ud\u011blat co nejp\u0159\u00edjemn\u011bj\u0161\u00ed, co nejhez\u010d\u00ed, aby ty na\u0161e d\u011bti m\u011bly ty nejkr\u00e1sn\u011bj\u0161\u00ed vzpom\u00ednky, i proto jak budou dosp\u011bl\u00ed, proto\u017ee jak d\u011bti vychov\u00e1me, tak takhle se to na nich projev\u00ed i v dosp\u011blosti. Proto je opravdu d\u016fle\u017eit\u00e9 db\u00e1t na to, aby na\u0161e d\u011bti byly spokojen\u00e9 a \u017eily ten kr\u00e1sn\u00fd \u017eivot ve vzpom\u00ednk\u00e1ch, kter\u00e9 jako my rodi\u010de jim cel\u00fd \u017eivot d\u00e1v\u00e1me od jejich narozen\u00ed.                                                                                                                                                                                                                                                                                                                                                                                        4.1\/5 - (11 votes)        "},{"@context":"https:\/\/schema.org\/","@type":"BreadcrumbList","itemListElement":[{"@type":"ListItem","position":1,"name":"Rodi\u010de mohou za v\u00fdchovu d\u011bt\u00ed","item":"https:\/\/www.ludana.cz\/rodice-mohou-za-vychovu-deti\/#breadcrumbitem"}]}]