[{"@context":"https:\/\/schema.org\/","@type":"Article","@id":"https:\/\/www.ludana.cz\/jsme-docela-nesnasenlivi\/#Article","mainEntityOfPage":"https:\/\/www.ludana.cz\/jsme-docela-nesnasenlivi\/","headline":"Jsme docela nesn\u00e1\u0161enliv\u00ed","name":"Jsme docela nesn\u00e1\u0161enliv\u00ed","description":"Jako z\u0159ejm\u011b ka\u017ed\u00e1 spole\u010dnost na sebe my \u010ce\u0161i m\u016f\u017eeme a sou\u010dasn\u011b nem\u016f\u017eeme b\u00fdt py\u0161n\u00ed. M\u00e1me charakteristiky, nad kter\u00fdmi se m\u016f\u017eeme dmout p\u00fdchou, stejn\u011b jako opl\u00fdv\u00e1me i vlastnostmi, za kter\u00e9 bychom se m\u011bli sp\u00ed\u0161e styd\u011bt. A n\u011bkdy se tak\u00e9 dmeme p\u00fdchou nebo se styd\u00edme, to u\u017e podle sv\u00e9 vlastn\u00ed n\u00e1tury. S\u00a0m\u00fdm n\u00e1zorem na \u010deskou spole\u010dnost pochopiteln\u011b nemus\u00edte souhlasit. A nebudu se divit, proto\u017ee jsou mezi n\u00e1mi lid\u00e9, kter\u00e9 pro zm\u011bnu nemohu akceptovat i j\u00e1. Ka\u017ed\u00fd jsme jin\u00fd. A tak je podle mne na\u0161e spole\u010dnost charakteristick\u00e1 v\u00a0prvn\u00ed \u0159ad\u011b t\u00edm, \u017ee si v\u00a0jednom kuse st\u011b\u017eujeme. Je jedno na co, je jedno p\u0159ed k\u00fdm. A n\u011bkdy se zd\u00e1, \u017ee si st\u011b\u017eujeme na cokoliv, jenom abychom si st\u011b\u017eovali. A nem\u00e1me-li d\u016fvod ke st\u00ed\u017enostem, n\u011bjak\u00fd si vymysl\u00edme. T\u0159eba i z\u00a0toho, co ve skute\u010dnosti kritiku nezasluhuje. D\u00e1le jsme pom\u011brn\u011b nesn\u00e1\u0161enliv\u00ed. M\u00edv\u00e1me kamar\u00e1dy a zn\u00e1m\u00e9, ale jestli se s\u00a0t\u011bmito n\u011b\u010demu \u010dasto odd\u00e1v\u00e1me, je to pomlouv\u00e1n\u00ed t\u011bch ostatn\u00edch, obvykle za jejich z\u00e1dy. A i k\u00a0tomuto \u00fa\u010delu si v\u017edycky n\u011bkoho najdeme. Kdykoliv chceme objekt, na kter\u00e9m t\u0159eba nenech\u00e1me ani nit suchou, najdeme na ka\u017ed\u00e9m n\u011bco. Anebo si u n\u011bj klidn\u011b i n\u011bco vymysl\u00edme, jenom aby bylo do \u010deho se strefovat. Rovn\u011b\u017e jsme docela z\u00e1vistiv\u00ed. B\u011bda tomu, kdo m\u00e1 n\u011bco, co my nem\u00e1me, ale chceme to tak\u00e9 m\u00edt! A jestli se v\u00a0t\u00e9to z\u00e1visti \u010dasto li\u0161\u00edme od jin\u00fdch spole\u010dnost\u00ed, pak v\u00a0tom, \u017ee n\u00e1m \u010dasto nejde o to, abychom to m\u011bli tak\u00e9, ale rad\u011bji aby ten, kdo m\u00e1 n\u011bco, co mu z\u00e1vid\u00edme, toto nem\u011bl. Aby o to p\u0159i\u0161el. Ono zn\u00e1m\u00e9 \u201anechci m\u00edt kozu jako soused, chci, aby mu chc\u00edpla\u2018. Popsal jsem n\u00e1s tu docela nelichotiv\u011b, \u017ee? Nen\u00ed to nijak p\u011bkn\u00fd obr\u00e1zek vypov\u00eddaj\u00edc\u00ed o stavu na\u0161\u00ed spole\u010dnosti. Ur\u010dit\u011b jsem n\u00e1s mohl charakterizovat i l\u00edp. I kladn\u00e9 vlastnosti na\u0161e spole\u010dnost m\u00e1. Ale napsal jsem to tak, jak jsem to napsal. Proto\u017ee lichotit si um\u00edme v\u0161ichni, lichotit si um\u00ed ka\u017ed\u00fd s\u00e1m. Kde\u017eto to nep\u011bkn\u00e9 si zaml\u010dujeme. A cht\u011bl jsem, aby to tak\u00e9 zazn\u011blo. 4.6\/5 - (8 votes)","datePublished":"2024-04-29","dateModified":"2024-04-29","author":{"@type":"Person","@id":"https:\/\/www.ludana.cz\/author\/#Person","name":"","url":"https:\/\/www.ludana.cz\/author\/","identifier":1,"image":{"@type":"ImageObject","@id":"https:\/\/secure.gravatar.com\/avatar\/d3163b56da0fbe010a5181dcf7396b9bd721056c768c8d190d293b864efe53fe?s=96&d=mm&r=g","url":"https:\/\/secure.gravatar.com\/avatar\/d3163b56da0fbe010a5181dcf7396b9bd721056c768c8d190d293b864efe53fe?s=96&d=mm&r=g","height":96,"width":96}},"publisher":{"@type":"Organization","name":"ludana.cz","logo":{"@type":"ImageObject","@id":"\/logo.png","url":"\/logo.png","width":600,"height":60}},"image":{"@type":"ImageObject","@id":"https:\/\/www.ludana.cz\/wp-content\/uploads\/ss_10_10_10_10_10_10_5.jpg","url":"https:\/\/www.ludana.cz\/wp-content\/uploads\/ss_10_10_10_10_10_10_5.jpg","height":0,"width":0},"url":"https:\/\/www.ludana.cz\/jsme-docela-nesnasenlivi\/","about":["Spole\u010dnost"],"wordCount":442,"articleBody":"Jako z\u0159ejm\u011b ka\u017ed\u00e1 spole\u010dnost na sebe my \u010ce\u0161i m\u016f\u017eeme a sou\u010dasn\u011b nem\u016f\u017eeme b\u00fdt py\u0161n\u00ed. M\u00e1me charakteristiky, nad kter\u00fdmi se m\u016f\u017eeme dmout p\u00fdchou, stejn\u011b jako opl\u00fdv\u00e1me i vlastnostmi, za kter\u00e9 bychom se m\u011bli sp\u00ed\u0161e styd\u011bt. A n\u011bkdy se tak\u00e9 dmeme p\u00fdchou nebo se styd\u00edme, to u\u017e podle sv\u00e9 vlastn\u00ed n\u00e1tury.S\u00a0m\u00fdm n\u00e1zorem na \u010deskou spole\u010dnost pochopiteln\u011b nemus\u00edte souhlasit. A nebudu se divit, proto\u017ee jsou mezi n\u00e1mi lid\u00e9, kter\u00e9 pro zm\u011bnu nemohu akceptovat i j\u00e1. Ka\u017ed\u00fd jsme jin\u00fd.A tak je podle mne na\u0161e spole\u010dnost charakteristick\u00e1 v\u00a0prvn\u00ed \u0159ad\u011b t\u00edm, \u017ee si v\u00a0jednom kuse st\u011b\u017eujeme. Je jedno na co, je jedno p\u0159ed k\u00fdm. A n\u011bkdy se zd\u00e1, \u017ee si st\u011b\u017eujeme na cokoliv, jenom abychom si st\u011b\u017eovali. A nem\u00e1me-li d\u016fvod ke st\u00ed\u017enostem, n\u011bjak\u00fd si vymysl\u00edme. T\u0159eba i z\u00a0toho, co ve skute\u010dnosti kritiku nezasluhuje.D\u00e1le jsme pom\u011brn\u011b nesn\u00e1\u0161enliv\u00ed. M\u00edv\u00e1me kamar\u00e1dy a zn\u00e1m\u00e9, ale jestli se s\u00a0t\u011bmito n\u011b\u010demu \u010dasto odd\u00e1v\u00e1me, je to pomlouv\u00e1n\u00ed t\u011bch ostatn\u00edch, obvykle za jejich z\u00e1dy. A i k\u00a0tomuto \u00fa\u010delu si v\u017edycky n\u011bkoho najdeme. Kdykoliv chceme objekt, na kter\u00e9m t\u0159eba nenech\u00e1me ani nit suchou, najdeme na ka\u017ed\u00e9m n\u011bco. Anebo si u n\u011bj klidn\u011b i n\u011bco vymysl\u00edme, jenom aby bylo do \u010deho se strefovat.Rovn\u011b\u017e jsme docela z\u00e1vistiv\u00ed. B\u011bda tomu, kdo m\u00e1 n\u011bco, co my nem\u00e1me, ale chceme to tak\u00e9 m\u00edt! A jestli se v\u00a0t\u00e9to z\u00e1visti \u010dasto li\u0161\u00edme od jin\u00fdch spole\u010dnost\u00ed, pak v\u00a0tom, \u017ee n\u00e1m \u010dasto nejde o to, abychom to m\u011bli tak\u00e9, ale rad\u011bji aby ten, kdo m\u00e1 n\u011bco, co mu z\u00e1vid\u00edme, toto nem\u011bl. Aby o to p\u0159i\u0161el. Ono zn\u00e1m\u00e9 \u201anechci m\u00edt kozu jako soused, chci, aby mu chc\u00edpla\u2018.Popsal jsem n\u00e1s tu docela nelichotiv\u011b, \u017ee? Nen\u00ed to nijak p\u011bkn\u00fd obr\u00e1zek vypov\u00eddaj\u00edc\u00ed o stavu na\u0161\u00ed spole\u010dnosti. Ur\u010dit\u011b jsem n\u00e1s mohl charakterizovat i l\u00edp. I kladn\u00e9 vlastnosti na\u0161e spole\u010dnost m\u00e1. Ale napsal jsem to tak, jak jsem to napsal. Proto\u017ee lichotit si um\u00edme v\u0161ichni, lichotit si um\u00ed ka\u017ed\u00fd s\u00e1m. Kde\u017eto to nep\u011bkn\u00e9 si zaml\u010dujeme. A cht\u011bl jsem, aby to tak\u00e9 zazn\u011blo.                                                                                                                                                                                                                                                                                                                                                                                        4.6\/5 - (8 votes)        "},{"@context":"https:\/\/schema.org\/","@type":"BreadcrumbList","itemListElement":[{"@type":"ListItem","position":1,"name":"Jsme docela nesn\u00e1\u0161enliv\u00ed","item":"https:\/\/www.ludana.cz\/jsme-docela-nesnasenlivi\/#breadcrumbitem"}]}]