{"@context":"https:\/\/schema.org\/","@type":"CollectionPage","@id":"https:\/\/www.ludana.cz\/firmy\/#CollectionPage","headline":"Firmy Category","description":"","url":"https:\/\/www.ludana.cz\/firmy\/","hasPart":[{"@type":"Article","@id":"https:\/\/www.ludana.cz\/plavani\/","headline":"Plav\u00e1n\u00ed","url":"https:\/\/www.ludana.cz\/plavani\/","datePublished":"2024-06-11","dateModified":"2024-06-11","mainEntityOfPage":"https:\/\/www.ludana.cz\/plavani\/","author":{"@type":"Person","@id":"https:\/\/www.ludana.cz\/author\/#Person","name":"","url":"https:\/\/www.ludana.cz\/author\/","identifier":1,"image":{"@type":"ImageObject","@id":"https:\/\/secure.gravatar.com\/avatar\/d3163b56da0fbe010a5181dcf7396b9bd721056c768c8d190d293b864efe53fe?s=96&d=mm&r=g","url":"https:\/\/secure.gravatar.com\/avatar\/d3163b56da0fbe010a5181dcf7396b9bd721056c768c8d190d293b864efe53fe?s=96&d=mm&r=g","height":96,"width":96}},"publisher":{"@type":"Organization","name":"ludana.cz","logo":{"@type":"ImageObject","@id":"\/logo.png","url":"\/logo.png","width":600,"height":60}},"image":{"@type":"ImageObject","@id":"https:\/\/www.ludana.cz\/wp-content\/uploads\/swimming-pool-4638912_640_10_10_10_10_10_2.jpg","url":"https:\/\/www.ludana.cz\/wp-content\/uploads\/swimming-pool-4638912_640_10_10_10_10_10_2.jpg","height":0,"width":0},"keywords":null},{"@type":"Article","@id":"https:\/\/www.ludana.cz\/reklama-a-obal-prodavaji\/","headline":"Reklama a obal prod\u00e1vaj\u00ed","url":"https:\/\/www.ludana.cz\/reklama-a-obal-prodavaji\/","datePublished":"2024-06-08","dateModified":"2024-07-08","mainEntityOfPage":"https:\/\/www.ludana.cz\/reklama-a-obal-prodavaji\/","author":{"@type":"Person","@id":"https:\/\/www.ludana.cz\/author\/#Person","name":"","url":"https:\/\/www.ludana.cz\/author\/","identifier":1,"image":{"@type":"ImageObject","@id":"https:\/\/secure.gravatar.com\/avatar\/d3163b56da0fbe010a5181dcf7396b9bd721056c768c8d190d293b864efe53fe?s=96&d=mm&r=g","url":"https:\/\/secure.gravatar.com\/avatar\/d3163b56da0fbe010a5181dcf7396b9bd721056c768c8d190d293b864efe53fe?s=96&d=mm&r=g","height":96,"width":96}},"publisher":{"@type":"Organization","name":"ludana.cz","logo":{"@type":"ImageObject","@id":"\/logo.png","url":"\/logo.png","width":600,"height":60}},"image":{"@type":"ImageObject","@id":"https:\/\/www.ludana.cz\/wp-content\/uploads\/london-3794348_640_4.jpg","url":"https:\/\/www.ludana.cz\/wp-content\/uploads\/london-3794348_640_4.jpg","height":0,"width":0},"keywords":null},{"@type":"Article","@id":"https:\/\/www.ludana.cz\/trocha-vzruseni-z-vyhry\/","headline":"Trocha vzru\u0161en\u00ed z v\u00fdhry","url":"https:\/\/www.ludana.cz\/trocha-vzruseni-z-vyhry\/","datePublished":"2024-05-28","dateModified":"2024-07-04","mainEntityOfPage":"https:\/\/www.ludana.cz\/trocha-vzruseni-z-vyhry\/","author":{"@type":"Person","@id":"https:\/\/www.ludana.cz\/author\/#Person","name":"","url":"https:\/\/www.ludana.cz\/author\/","identifier":1,"image":{"@type":"ImageObject","@id":"https:\/\/secure.gravatar.com\/avatar\/d3163b56da0fbe010a5181dcf7396b9bd721056c768c8d190d293b864efe53fe?s=96&d=mm&r=g","url":"https:\/\/secure.gravatar.com\/avatar\/d3163b56da0fbe010a5181dcf7396b9bd721056c768c8d190d293b864efe53fe?s=96&d=mm&r=g","height":96,"width":96}},"publisher":{"@type":"Organization","name":"ludana.cz","logo":{"@type":"ImageObject","@id":"\/logo.png","url":"\/logo.png","width":600,"height":60}},"image":{"@type":"ImageObject","@id":"https:\/\/www.ludana.cz\/wp-content\/uploads\/pexels-pavel-danilyuk-7594264.jpg","url":"https:\/\/www.ludana.cz\/wp-content\/uploads\/pexels-pavel-danilyuk-7594264.jpg","height":0,"width":0},"keywords":null},{"@type":"Article","@id":"https:\/\/www.ludana.cz\/proc-tolik-zalezi-na-fotografiich-nemovitosti-od-profesionala\/","headline":"Pro\u010d tolik z\u00e1le\u017e\u00ed na fotografi\u00edch nemovitost\u00ed od profesion\u00e1la","url":"https:\/\/www.ludana.cz\/proc-tolik-zalezi-na-fotografiich-nemovitosti-od-profesionala\/","datePublished":"2024-05-12","dateModified":"2024-06-12","mainEntityOfPage":"https:\/\/www.ludana.cz\/proc-tolik-zalezi-na-fotografiich-nemovitosti-od-profesionala\/","author":{"@type":"Person","@id":"https:\/\/www.ludana.cz\/author\/#Person","name":"","url":"https:\/\/www.ludana.cz\/author\/","identifier":1,"image":{"@type":"ImageObject","@id":"https:\/\/secure.gravatar.com\/avatar\/d3163b56da0fbe010a5181dcf7396b9bd721056c768c8d190d293b864efe53fe?s=96&d=mm&r=g","url":"https:\/\/secure.gravatar.com\/avatar\/d3163b56da0fbe010a5181dcf7396b9bd721056c768c8d190d293b864efe53fe?s=96&d=mm&r=g","height":96,"width":96}},"publisher":{"@type":"Organization","name":"ludana.cz","logo":{"@type":"ImageObject","@id":"\/logo.png","url":"\/logo.png","width":600,"height":60}},"image":{"@type":"ImageObject","@id":"https:\/\/www.ludana.cz\/wp-content\/uploads\/architecture-3207216_640.jpg","url":"https:\/\/www.ludana.cz\/wp-content\/uploads\/architecture-3207216_640.jpg","height":0,"width":0},"keywords":null},{"@type":"Article","@id":"https:\/\/www.ludana.cz\/uklidime-za-vas\/","headline":"Uklid\u00edme za v\u00e1s","url":"https:\/\/www.ludana.cz\/uklidime-za-vas\/","datePublished":"2024-05-12","dateModified":"2024-06-12","mainEntityOfPage":"https:\/\/www.ludana.cz\/uklidime-za-vas\/","author":{"@type":"Person","@id":"https:\/\/www.ludana.cz\/author\/#Person","name":"","url":"https:\/\/www.ludana.cz\/author\/","identifier":1,"image":{"@type":"ImageObject","@id":"https:\/\/secure.gravatar.com\/avatar\/d3163b56da0fbe010a5181dcf7396b9bd721056c768c8d190d293b864efe53fe?s=96&d=mm&r=g","url":"https:\/\/secure.gravatar.com\/avatar\/d3163b56da0fbe010a5181dcf7396b9bd721056c768c8d190d293b864efe53fe?s=96&d=mm&r=g","height":96,"width":96}},"publisher":{"@type":"Organization","name":"ludana.cz","logo":{"@type":"ImageObject","@id":"\/logo.png","url":"\/logo.png","width":600,"height":60}},"image":{"@type":"ImageObject","@id":"https:\/\/www.ludana.cz\/wp-content\/uploads\/feather-duster-709124_640_10_10_10_3.jpg","url":"https:\/\/www.ludana.cz\/wp-content\/uploads\/feather-duster-709124_640_10_10_10_3.jpg","height":0,"width":0},"keywords":null},{"@type":"Article","@id":"https:\/\/www.ludana.cz\/opravime-i-vas-domov\/","headline":"Oprav\u00edme i v\u00e1\u0161 domov","url":"https:\/\/www.ludana.cz\/opravime-i-vas-domov\/","datePublished":"2024-02-19","dateModified":"2024-02-19","mainEntityOfPage":"https:\/\/www.ludana.cz\/opravime-i-vas-domov\/","author":{"@type":"Person","@id":"https:\/\/www.ludana.cz\/author\/#Person","name":"","url":"https:\/\/www.ludana.cz\/author\/","identifier":1,"image":{"@type":"ImageObject","@id":"https:\/\/secure.gravatar.com\/avatar\/d3163b56da0fbe010a5181dcf7396b9bd721056c768c8d190d293b864efe53fe?s=96&d=mm&r=g","url":"https:\/\/secure.gravatar.com\/avatar\/d3163b56da0fbe010a5181dcf7396b9bd721056c768c8d190d293b864efe53fe?s=96&d=mm&r=g","height":96,"width":96}},"publisher":{"@type":"Organization","name":"ludana.cz","logo":{"@type":"ImageObject","@id":"\/logo.png","url":"\/logo.png","width":600,"height":60}},"image":{"@type":"ImageObject","@id":"https:\/\/www.ludana.cz\/wp-content\/uploads\/pexels-tima-miroshnichenko-6474201_2.jpg","url":"https:\/\/www.ludana.cz\/wp-content\/uploads\/pexels-tima-miroshnichenko-6474201_2.jpg","height":0,"width":0},"keywords":null},{"@type":"Article","@id":"https:\/\/www.ludana.cz\/party-stan-pro-kazdy-typ-rodinne-a-spolecenske-oslavy\/","headline":"P\u00e1rty stan pro ka\u017ed\u00fd typ rodinn\u00e9 a spole\u010densk\u00e9 oslavy","url":"https:\/\/www.ludana.cz\/party-stan-pro-kazdy-typ-rodinne-a-spolecenske-oslavy\/","datePublished":"2023-07-20","dateModified":"2023-07-20","mainEntityOfPage":"https:\/\/www.ludana.cz\/party-stan-pro-kazdy-typ-rodinne-a-spolecenske-oslavy\/","author":{"@type":"Person","@id":"https:\/\/www.ludana.cz\/author\/#Person","name":"","url":"https:\/\/www.ludana.cz\/author\/","identifier":1,"image":{"@type":"ImageObject","@id":"https:\/\/secure.gravatar.com\/avatar\/d3163b56da0fbe010a5181dcf7396b9bd721056c768c8d190d293b864efe53fe?s=96&d=mm&r=g","url":"https:\/\/secure.gravatar.com\/avatar\/d3163b56da0fbe010a5181dcf7396b9bd721056c768c8d190d293b864efe53fe?s=96&d=mm&r=g","height":96,"width":96}},"publisher":{"@type":"Organization","name":"ludana.cz","logo":{"@type":"ImageObject","@id":"\/logo.png","url":"\/logo.png","width":600,"height":60}},"image":{"@type":"ImageObject","@id":"https:\/\/www.ludana.cz\/wp-content\/uploads\/clown-4544280_640_1.jpg","url":"https:\/\/www.ludana.cz\/wp-content\/uploads\/clown-4544280_640_1.jpg","height":0,"width":0},"keywords":null},{"@type":"Article","@id":"https:\/\/www.ludana.cz\/pece-o-zuby-se-vyplati\/","headline":"P\u00e9\u010de o zuby se vyplat\u00ed","url":"https:\/\/www.ludana.cz\/pece-o-zuby-se-vyplati\/","datePublished":"2023-04-25","dateModified":"2023-04-25","mainEntityOfPage":"https:\/\/www.ludana.cz\/pece-o-zuby-se-vyplati\/","author":{"@type":"Person","@id":"https:\/\/www.ludana.cz\/author\/#Person","name":"","url":"https:\/\/www.ludana.cz\/author\/","identifier":1,"image":{"@type":"ImageObject","@id":"https:\/\/secure.gravatar.com\/avatar\/d3163b56da0fbe010a5181dcf7396b9bd721056c768c8d190d293b864efe53fe?s=96&d=mm&r=g","url":"https:\/\/secure.gravatar.com\/avatar\/d3163b56da0fbe010a5181dcf7396b9bd721056c768c8d190d293b864efe53fe?s=96&d=mm&r=g","height":96,"width":96}},"publisher":{"@type":"Organization","name":"ludana.cz","logo":{"@type":"ImageObject","@id":"\/logo.png","url":"\/logo.png","width":600,"height":60}},"image":{"@type":"ImageObject","@id":"https:\/\/www.ludana.cz\/wp-content\/uploads\/dentist-gc257d6054_640_2.jpg","url":"https:\/\/www.ludana.cz\/wp-content\/uploads\/dentist-gc257d6054_640_2.jpg","height":0,"width":0},"keywords":null},{"@type":"Article","@id":"https:\/\/www.ludana.cz\/chcete-mit-studnu\/","headline":"Chcete m\u00edt studnu?","url":"https:\/\/www.ludana.cz\/chcete-mit-studnu\/","datePublished":"2022-12-30","dateModified":"2022-12-30","mainEntityOfPage":"https:\/\/www.ludana.cz\/chcete-mit-studnu\/","author":{"@type":"Person","@id":"https:\/\/www.ludana.cz\/author\/#Person","name":"","url":"https:\/\/www.ludana.cz\/author\/","identifier":1,"image":{"@type":"ImageObject","@id":"https:\/\/secure.gravatar.com\/avatar\/d3163b56da0fbe010a5181dcf7396b9bd721056c768c8d190d293b864efe53fe?s=96&d=mm&r=g","url":"https:\/\/secure.gravatar.com\/avatar\/d3163b56da0fbe010a5181dcf7396b9bd721056c768c8d190d293b864efe53fe?s=96&d=mm&r=g","height":96,"width":96}},"publisher":{"@type":"Organization","name":"ludana.cz","logo":{"@type":"ImageObject","@id":"\/logo.png","url":"\/logo.png","width":600,"height":60}},"image":{"@type":"ImageObject","@id":"https:\/\/www.ludana.cz\/wp-content\/uploads\/pexels-kristijan-nikacevic-10447160.jpg","url":"https:\/\/www.ludana.cz\/wp-content\/uploads\/pexels-kristijan-nikacevic-10447160.jpg","height":0,"width":0},"keywords":null},{"@type":"Article","@id":"https:\/\/www.ludana.cz\/proc-si-najmout-uklidovou-firmu\/","headline":"Pro\u010d si najmout \u00faklidovou firmu?","url":"https:\/\/www.ludana.cz\/proc-si-najmout-uklidovou-firmu\/","datePublished":"2022-11-20","dateModified":"2022-11-20","mainEntityOfPage":"https:\/\/www.ludana.cz\/proc-si-najmout-uklidovou-firmu\/","author":{"@type":"Person","@id":"https:\/\/www.ludana.cz\/author\/#Person","name":"","url":"https:\/\/www.ludana.cz\/author\/","identifier":1,"image":{"@type":"ImageObject","@id":"https:\/\/secure.gravatar.com\/avatar\/d3163b56da0fbe010a5181dcf7396b9bd721056c768c8d190d293b864efe53fe?s=96&d=mm&r=g","url":"https:\/\/secure.gravatar.com\/avatar\/d3163b56da0fbe010a5181dcf7396b9bd721056c768c8d190d293b864efe53fe?s=96&d=mm&r=g","height":96,"width":96}},"publisher":{"@type":"Organization","name":"ludana.cz","logo":{"@type":"ImageObject","@id":"\/logo.png","url":"\/logo.png","width":600,"height":60}},"image":{"@type":"ImageObject","@id":"https:\/\/www.ludana.cz\/wp-content\/uploads\/pexels-liliana-drew-9462346.jpg","url":"https:\/\/www.ludana.cz\/wp-content\/uploads\/pexels-liliana-drew-9462346.jpg","height":0,"width":0},"keywords":null}]}