{"@context":"https:\/\/schema.org\/","@type":"CollectionPage","@id":"https:\/\/www.ludana.cz\/firmy\/#CollectionPage","headline":"Firmy Category","description":"","url":"https:\/\/www.ludana.cz\/firmy\/","hasPart":[{"@type":"Article","@id":"https:\/\/www.ludana.cz\/hledate-vzruseni\/","headline":"Hled\u00e1te vzru\u0161en\u00ed?","url":"https:\/\/www.ludana.cz\/hledate-vzruseni\/","datePublished":"2025-01-14","dateModified":"2025-01-14","mainEntityOfPage":"https:\/\/www.ludana.cz\/hledate-vzruseni\/","author":{"@type":"Person","@id":"https:\/\/www.ludana.cz\/author\/#Person","name":"","url":"https:\/\/www.ludana.cz\/author\/","identifier":1,"image":{"@type":"ImageObject","@id":"https:\/\/secure.gravatar.com\/avatar\/d3163b56da0fbe010a5181dcf7396b9bd721056c768c8d190d293b864efe53fe?s=96&d=mm&r=g","url":"https:\/\/secure.gravatar.com\/avatar\/d3163b56da0fbe010a5181dcf7396b9bd721056c768c8d190d293b864efe53fe?s=96&d=mm&r=g","height":96,"width":96}},"publisher":{"@type":"Organization","name":"ludana.cz","logo":{"@type":"ImageObject","@id":"\/logo.png","url":"\/logo.png","width":600,"height":60}},"image":{"@type":"ImageObject","@id":"https:\/\/www.ludana.cz\/wp-content\/uploads\/pexels-marx-ilagan-901495.jpg","url":"https:\/\/www.ludana.cz\/wp-content\/uploads\/pexels-marx-ilagan-901495.jpg","height":0,"width":0},"keywords":null},{"@type":"Article","@id":"https:\/\/www.ludana.cz\/mame-doma-vlneny-koberec-ale-zapacha\/","headline":"M\u00e1me doma vln\u011bn\u00fd koberec, ale zap\u00e1ch\u00e1","url":"https:\/\/www.ludana.cz\/mame-doma-vlneny-koberec-ale-zapacha\/","datePublished":"2024-11-13","dateModified":"2024-11-13","mainEntityOfPage":"https:\/\/www.ludana.cz\/mame-doma-vlneny-koberec-ale-zapacha\/","author":{"@type":"Person","@id":"https:\/\/www.ludana.cz\/author\/#Person","name":"","url":"https:\/\/www.ludana.cz\/author\/","identifier":1,"image":{"@type":"ImageObject","@id":"https:\/\/secure.gravatar.com\/avatar\/d3163b56da0fbe010a5181dcf7396b9bd721056c768c8d190d293b864efe53fe?s=96&d=mm&r=g","url":"https:\/\/secure.gravatar.com\/avatar\/d3163b56da0fbe010a5181dcf7396b9bd721056c768c8d190d293b864efe53fe?s=96&d=mm&r=g","height":96,"width":96}},"publisher":{"@type":"Organization","name":"ludana.cz","logo":{"@type":"ImageObject","@id":"\/logo.png","url":"\/logo.png","width":600,"height":60}},"image":{"@type":"ImageObject","@id":"https:\/\/www.ludana.cz\/wp-content\/uploads\/cat-4803841_640_7.jpg","url":"https:\/\/www.ludana.cz\/wp-content\/uploads\/cat-4803841_640_7.jpg","height":0,"width":0},"keywords":null},{"@type":"Article","@id":"https:\/\/www.ludana.cz\/co-mame-na-taliri\/","headline":"Co m\u00e1me na tal\u00ed\u0159i?","url":"https:\/\/www.ludana.cz\/co-mame-na-taliri\/","datePublished":"2024-11-05","dateModified":"2024-11-05","mainEntityOfPage":"https:\/\/www.ludana.cz\/co-mame-na-taliri\/","author":{"@type":"Person","@id":"https:\/\/www.ludana.cz\/author\/#Person","name":"","url":"https:\/\/www.ludana.cz\/author\/","identifier":1,"image":{"@type":"ImageObject","@id":"https:\/\/secure.gravatar.com\/avatar\/d3163b56da0fbe010a5181dcf7396b9bd721056c768c8d190d293b864efe53fe?s=96&d=mm&r=g","url":"https:\/\/secure.gravatar.com\/avatar\/d3163b56da0fbe010a5181dcf7396b9bd721056c768c8d190d293b864efe53fe?s=96&d=mm&r=g","height":96,"width":96}},"publisher":{"@type":"Organization","name":"ludana.cz","logo":{"@type":"ImageObject","@id":"\/logo.png","url":"\/logo.png","width":600,"height":60}},"image":{"@type":"ImageObject","@id":"https:\/\/www.ludana.cz\/wp-content\/uploads\/restaurace_2.jpg","url":"https:\/\/www.ludana.cz\/wp-content\/uploads\/restaurace_2.jpg","height":0,"width":0},"keywords":null},{"@type":"Article","@id":"https:\/\/www.ludana.cz\/nechte-ve-vasem-dome-to-nejtezsi-z-uklidu-na-uklidove-firme\/","headline":"Nechte ve va\u0161em dom\u011b to nejt\u011b\u017e\u0161\u00ed z \u00faklidu na \u00faklidov\u00e9 firm\u011b","url":"https:\/\/www.ludana.cz\/nechte-ve-vasem-dome-to-nejtezsi-z-uklidu-na-uklidove-firme\/","datePublished":"2024-10-06","dateModified":"2024-10-06","mainEntityOfPage":"https:\/\/www.ludana.cz\/nechte-ve-vasem-dome-to-nejtezsi-z-uklidu-na-uklidove-firme\/","author":{"@type":"Person","@id":"https:\/\/www.ludana.cz\/author\/#Person","name":"","url":"https:\/\/www.ludana.cz\/author\/","identifier":1,"image":{"@type":"ImageObject","@id":"https:\/\/secure.gravatar.com\/avatar\/d3163b56da0fbe010a5181dcf7396b9bd721056c768c8d190d293b864efe53fe?s=96&d=mm&r=g","url":"https:\/\/secure.gravatar.com\/avatar\/d3163b56da0fbe010a5181dcf7396b9bd721056c768c8d190d293b864efe53fe?s=96&d=mm&r=g","height":96,"width":96}},"publisher":{"@type":"Organization","name":"ludana.cz","logo":{"@type":"ImageObject","@id":"\/logo.png","url":"\/logo.png","width":600,"height":60}},"image":{"@type":"ImageObject","@id":"https:\/\/www.ludana.cz\/wp-content\/uploads\/feather-duster-709124_640_10_10_10_10_5.jpg","url":"https:\/\/www.ludana.cz\/wp-content\/uploads\/feather-duster-709124_640_10_10_10_10_5.jpg","height":0,"width":0},"keywords":null},{"@type":"Article","@id":"https:\/\/www.ludana.cz\/zvladneme-to-i-za-hranice\/","headline":"Zvl\u00e1dneme to i za hranice","url":"https:\/\/www.ludana.cz\/zvladneme-to-i-za-hranice\/","datePublished":"2024-09-22","dateModified":"2024-09-22","mainEntityOfPage":"https:\/\/www.ludana.cz\/zvladneme-to-i-za-hranice\/","author":{"@type":"Person","@id":"https:\/\/www.ludana.cz\/author\/#Person","name":"","url":"https:\/\/www.ludana.cz\/author\/","identifier":1,"image":{"@type":"ImageObject","@id":"https:\/\/secure.gravatar.com\/avatar\/d3163b56da0fbe010a5181dcf7396b9bd721056c768c8d190d293b864efe53fe?s=96&d=mm&r=g","url":"https:\/\/secure.gravatar.com\/avatar\/d3163b56da0fbe010a5181dcf7396b9bd721056c768c8d190d293b864efe53fe?s=96&d=mm&r=g","height":96,"width":96}},"publisher":{"@type":"Organization","name":"ludana.cz","logo":{"@type":"ImageObject","@id":"\/logo.png","url":"\/logo.png","width":600,"height":60}},"image":{"@type":"ImageObject","@id":"https:\/\/www.ludana.cz\/wp-content\/uploads\/pexels-rdne-stock-project-8293778_10.jpg","url":"https:\/\/www.ludana.cz\/wp-content\/uploads\/pexels-rdne-stock-project-8293778_10.jpg","height":0,"width":0},"keywords":null},{"@type":"Article","@id":"https:\/\/www.ludana.cz\/po-praze-bez-zavahani\/","headline":"Po Praze bez zav\u00e1h\u00e1n\u00ed","url":"https:\/\/www.ludana.cz\/po-praze-bez-zavahani\/","datePublished":"2024-09-16","dateModified":"2024-09-16","mainEntityOfPage":"https:\/\/www.ludana.cz\/po-praze-bez-zavahani\/","author":{"@type":"Person","@id":"https:\/\/www.ludana.cz\/author\/#Person","name":"","url":"https:\/\/www.ludana.cz\/author\/","identifier":1,"image":{"@type":"ImageObject","@id":"https:\/\/secure.gravatar.com\/avatar\/d3163b56da0fbe010a5181dcf7396b9bd721056c768c8d190d293b864efe53fe?s=96&d=mm&r=g","url":"https:\/\/secure.gravatar.com\/avatar\/d3163b56da0fbe010a5181dcf7396b9bd721056c768c8d190d293b864efe53fe?s=96&d=mm&r=g","height":96,"width":96}},"publisher":{"@type":"Organization","name":"ludana.cz","logo":{"@type":"ImageObject","@id":"\/logo.png","url":"\/logo.png","width":600,"height":60}},"image":{"@type":"ImageObject","@id":"https:\/\/www.ludana.cz\/wp-content\/uploads\/driving-933281_640_5.jpg","url":"https:\/\/www.ludana.cz\/wp-content\/uploads\/driving-933281_640_5.jpg","height":0,"width":0},"keywords":null},{"@type":"Article","@id":"https:\/\/www.ludana.cz\/pergolu-si-muzete-postavit-i-sami\/","headline":"Pergolu si m\u016f\u017eete postavit i sami","url":"https:\/\/www.ludana.cz\/pergolu-si-muzete-postavit-i-sami\/","datePublished":"2024-09-16","dateModified":"2024-09-16","mainEntityOfPage":"https:\/\/www.ludana.cz\/pergolu-si-muzete-postavit-i-sami\/","author":{"@type":"Person","@id":"https:\/\/www.ludana.cz\/author\/#Person","name":"","url":"https:\/\/www.ludana.cz\/author\/","identifier":1,"image":{"@type":"ImageObject","@id":"https:\/\/secure.gravatar.com\/avatar\/d3163b56da0fbe010a5181dcf7396b9bd721056c768c8d190d293b864efe53fe?s=96&d=mm&r=g","url":"https:\/\/secure.gravatar.com\/avatar\/d3163b56da0fbe010a5181dcf7396b9bd721056c768c8d190d293b864efe53fe?s=96&d=mm&r=g","height":96,"width":96}},"publisher":{"@type":"Organization","name":"ludana.cz","logo":{"@type":"ImageObject","@id":"\/logo.png","url":"\/logo.png","width":600,"height":60}},"image":{"@type":"ImageObject","@id":"https:\/\/www.ludana.cz\/wp-content\/uploads\/pergola-96822_640_10_10_10_4.jpg","url":"https:\/\/www.ludana.cz\/wp-content\/uploads\/pergola-96822_640_10_10_10_4.jpg","height":0,"width":0},"keywords":null},{"@type":"Article","@id":"https:\/\/www.ludana.cz\/chcete-se-stehovat\/","headline":"Chcete se st\u011bhovat?","url":"https:\/\/www.ludana.cz\/chcete-se-stehovat\/","datePublished":"2024-09-15","dateModified":"2024-09-15","mainEntityOfPage":"https:\/\/www.ludana.cz\/chcete-se-stehovat\/","author":{"@type":"Person","@id":"https:\/\/www.ludana.cz\/author\/#Person","name":"","url":"https:\/\/www.ludana.cz\/author\/","identifier":1,"image":{"@type":"ImageObject","@id":"https:\/\/secure.gravatar.com\/avatar\/d3163b56da0fbe010a5181dcf7396b9bd721056c768c8d190d293b864efe53fe?s=96&d=mm&r=g","url":"https:\/\/secure.gravatar.com\/avatar\/d3163b56da0fbe010a5181dcf7396b9bd721056c768c8d190d293b864efe53fe?s=96&d=mm&r=g","height":96,"width":96}},"publisher":{"@type":"Organization","name":"ludana.cz","logo":{"@type":"ImageObject","@id":"\/logo.png","url":"\/logo.png","width":600,"height":60}},"image":{"@type":"ImageObject","@id":"https:\/\/www.ludana.cz\/wp-content\/uploads\/pexels-a-darmel-7642151_4.jpg","url":"https:\/\/www.ludana.cz\/wp-content\/uploads\/pexels-a-darmel-7642151_4.jpg","height":0,"width":0},"keywords":null},{"@type":"Article","@id":"https:\/\/www.ludana.cz\/rozlisujeme-dva-typy-uniku-vody\/","headline":"Rozli\u0161ujeme dva typy \u00fanik\u016f vody","url":"https:\/\/www.ludana.cz\/rozlisujeme-dva-typy-uniku-vody\/","datePublished":"2024-09-14","dateModified":"2024-09-14","mainEntityOfPage":"https:\/\/www.ludana.cz\/rozlisujeme-dva-typy-uniku-vody\/","author":{"@type":"Person","@id":"https:\/\/www.ludana.cz\/author\/#Person","name":"","url":"https:\/\/www.ludana.cz\/author\/","identifier":1,"image":{"@type":"ImageObject","@id":"https:\/\/secure.gravatar.com\/avatar\/d3163b56da0fbe010a5181dcf7396b9bd721056c768c8d190d293b864efe53fe?s=96&d=mm&r=g","url":"https:\/\/secure.gravatar.com\/avatar\/d3163b56da0fbe010a5181dcf7396b9bd721056c768c8d190d293b864efe53fe?s=96&d=mm&r=g","height":96,"width":96}},"publisher":{"@type":"Organization","name":"ludana.cz","logo":{"@type":"ImageObject","@id":"\/logo.png","url":"\/logo.png","width":600,"height":60}},"image":{"@type":"ImageObject","@id":"https:\/\/www.ludana.cz\/wp-content\/uploads\/faucet-1684902_640_3.jpg","url":"https:\/\/www.ludana.cz\/wp-content\/uploads\/faucet-1684902_640_3.jpg","height":0,"width":0},"keywords":null},{"@type":"Article","@id":"https:\/\/www.ludana.cz\/autopujcovna-pronajima-vuz-i-novopecenym-ridicum\/","headline":"Autop\u016fj\u010dovna pronaj\u00edm\u00e1 v\u016fz i novope\u010den\u00fdm \u0159idi\u010d\u016fm","url":"https:\/\/www.ludana.cz\/autopujcovna-pronajima-vuz-i-novopecenym-ridicum\/","datePublished":"2024-09-11","dateModified":"2024-09-11","mainEntityOfPage":"https:\/\/www.ludana.cz\/autopujcovna-pronajima-vuz-i-novopecenym-ridicum\/","author":{"@type":"Person","@id":"https:\/\/www.ludana.cz\/author\/#Person","name":"","url":"https:\/\/www.ludana.cz\/author\/","identifier":1,"image":{"@type":"ImageObject","@id":"https:\/\/secure.gravatar.com\/avatar\/d3163b56da0fbe010a5181dcf7396b9bd721056c768c8d190d293b864efe53fe?s=96&d=mm&r=g","url":"https:\/\/secure.gravatar.com\/avatar\/d3163b56da0fbe010a5181dcf7396b9bd721056c768c8d190d293b864efe53fe?s=96&d=mm&r=g","height":96,"width":96}},"publisher":{"@type":"Organization","name":"ludana.cz","logo":{"@type":"ImageObject","@id":"\/logo.png","url":"\/logo.png","width":600,"height":60}},"image":{"@type":"ImageObject","@id":"https:\/\/www.ludana.cz\/wp-content\/uploads\/fog-8208493_640.jpg","url":"https:\/\/www.ludana.cz\/wp-content\/uploads\/fog-8208493_640.jpg","height":0,"width":0},"keywords":null}]}