[{"@context":"https:\/\/schema.org\/","@type":"Article","@id":"https:\/\/www.ludana.cz\/cisticka-vzduchu\/#Article","mainEntityOfPage":"https:\/\/www.ludana.cz\/cisticka-vzduchu\/","headline":"\u010cisti\u010dka vzduchu","name":"\u010cisti\u010dka vzduchu","description":"Zn\u00e1te \u010disti\u010dky vzduchu? My u n\u00e1s doma m\u00e1me spoustu zv\u00ed\u0159at a tak\u00e9 je\u0161t\u011b bydl\u00edme na vesnici, kde maj\u00ed soused\u00e9 hospod\u00e1\u0159sk\u00e1 zv\u00ed\u0159ata. V\u00a0l\u00e9t\u011b to v\u011bt\u0161inou tak moc zap\u00e1ch\u00e1, \u017ee to leze i ke mn\u011b do ob\u00fdv\u00e1ku, do lo\u017enice i do d\u011btsk\u00e9ho pokoje a kuchyn\u011b. Tak\u00e9 nen\u00ed v\u00fdjimkou, \u017ee to p\u00e1chne dlouho.\u00a0Abych nemusela st\u00e1le kupovat n\u011bjak\u00e1 von\u00edtka dom\u016f anebo r\u016fzn\u00e9 bytov\u00e9 deodoranty, tak jsem si \u0159ekla, \u017ee si po\u0159\u00edd\u00edm n\u011bjakou \u010disti\u010dku vzduchu. Nav\u0161t\u00edvila jsem tedy nejbli\u017e\u0161\u00ed elektro. V elektru\u00a0jsem se zeptala, jestli tady maj\u00ed n\u011bjak\u00e9 kvalitn\u00ed \u010disti\u010dky vzduchu. Oni mi \u0159ekli, \u017ee maj\u00ed, \u017ee z\u00e1le\u017e\u00ed na tom, jak m\u00e1m velikou m\u00edstnost a jak \u00fa\u010dinnou \u010disti\u010dku vzduchu budu cht\u00edt. \u0158ekla jsem, \u017ee chci s uhl\u00edkov\u00fdm filtrem a tak\u00e9 takovou, aby to bylo do t\u0159iceti p\u011bti metr\u016f\u00a0\u010dtvere\u010dn\u00edch. Proto\u017ee m\u00e1me opravdu velik\u00e9 m\u00edstnosti. Pan prodava\u010d v elektru mi \u0159ekl, \u017ee maj\u00ed n\u011bkolik druh\u016f \u010disti\u010dek vzduchu. Tak jsem se \u0161la pod\u00edvat a byla jsem opravdu p\u0159ekvapen\u00e1, ale z\u00e1rove\u0148 ztracen\u00e1. Tolik typ\u016f a druh\u016f \u010disti\u010dek vzduchu, \u017ee m\u011b zrak p\u0159ech\u00e1zel. Opravdu jsem netu\u0161ila, \u017ee je tolik druh\u016f. \u010cekala jsem tak dva t\u0159i\u00a0druhy, ale ono jich tam bylo des\u00edtky!\u00a0To bylo tak obrovsk\u00e9 elektro, \u017ee jsem tomu ani nemohla uv\u011b\u0159it, tak\u017ee jsem si vybrala takovou zlatou st\u0159edn\u00ed cestou. Vybrala jsem si takovou vy\u0161\u0161\u00ed \u010disti\u010dku vzduchu. Takovou kr\u00e1snou \u0161t\u00edhlou a designovou a mn\u011b se to moc l\u00edbilo. Bylo to v dekoru d\u0159eva, m\u011bli tam tak\u00e9 tohle to sam\u00e9 v r\u016f\u017eov\u00e9m proveden\u00ed, ale m\u011b se l\u00edbil dekor d\u0159eva. P\u0159esn\u011b tohle se hodilo ke mn\u011b do ob\u00fdvac\u00edho pokoje a tak\u00e9 do d\u011btsk\u00e9ho pokoje, tak\u017ee jsem rad\u011bji vzala dv\u011b\u00a0\u010disti\u010dky vzduchu. Tohle elektro se mi opravdu l\u00edb\u00ed. A v\u00edte co? \u010cisti\u010dka vzduchu opravdu pohltila v\u0161echny z\u00e1pachy, v\u0161echny z\u00e1pachy z hospod\u00e1\u0159sk\u00fdch zv\u00ed\u0159at a tak\u00e9 ze zv\u00ed\u0159at, kter\u00e9 m\u00e1me doma. Jsem opravdu nad\u0161en\u00e1. Partner st\u00e1le p\u0159em\u00fd\u0161l\u00ed nad t\u00edm, \u017ee bychom si je\u0161t\u011b jednu\u00a0\u010disti\u010dku vzduchu po\u0159\u00eddili tak\u00e9 do lo\u017enice.\u00a0 4.1\/5 - (7 votes)","datePublished":"2023-10-28","dateModified":"2024-06-04","author":{"@type":"Person","@id":"https:\/\/www.ludana.cz\/author\/#Person","name":"","url":"https:\/\/www.ludana.cz\/author\/","identifier":1,"image":{"@type":"ImageObject","@id":"https:\/\/secure.gravatar.com\/avatar\/d3163b56da0fbe010a5181dcf7396b9bd721056c768c8d190d293b864efe53fe?s=96&d=mm&r=g","url":"https:\/\/secure.gravatar.com\/avatar\/d3163b56da0fbe010a5181dcf7396b9bd721056c768c8d190d293b864efe53fe?s=96&d=mm&r=g","height":96,"width":96}},"publisher":{"@type":"Organization","name":"ludana.cz","logo":{"@type":"ImageObject","@id":"\/logo.png","url":"\/logo.png","width":600,"height":60}},"image":{"@type":"ImageObject","@id":"https:\/\/www.ludana.cz\/wp-content\/uploads\/cleaning-3977589_960_720.jpg","url":"https:\/\/www.ludana.cz\/wp-content\/uploads\/cleaning-3977589_960_720.jpg","height":0,"width":0},"url":"https:\/\/www.ludana.cz\/cisticka-vzduchu\/","about":["Elektro"],"wordCount":411,"articleBody":"Zn\u00e1te \u010disti\u010dky vzduchu? My u n\u00e1s doma m\u00e1me spoustu zv\u00ed\u0159at a tak\u00e9 je\u0161t\u011b bydl\u00edme na vesnici, kde maj\u00ed soused\u00e9 hospod\u00e1\u0159sk\u00e1 zv\u00ed\u0159ata. V\u00a0l\u00e9t\u011b to v\u011bt\u0161inou tak moc zap\u00e1ch\u00e1, \u017ee to leze i ke mn\u011b do ob\u00fdv\u00e1ku, do lo\u017enice i do d\u011btsk\u00e9ho pokoje a kuchyn\u011b. Tak\u00e9 nen\u00ed v\u00fdjimkou, \u017ee to p\u00e1chne dlouho.\u00a0Abych nemusela st\u00e1le kupovat n\u011bjak\u00e1 von\u00edtka dom\u016f anebo r\u016fzn\u00e9 bytov\u00e9 deodoranty, tak jsem si \u0159ekla, \u017ee si po\u0159\u00edd\u00edm n\u011bjakou \u010disti\u010dku vzduchu. Nav\u0161t\u00edvila jsem tedy nejbli\u017e\u0161\u00ed elektro. V elektru\u00a0jsem se zeptala, jestli tady maj\u00ed n\u011bjak\u00e9 kvalitn\u00ed \u010disti\u010dky vzduchu. Oni mi \u0159ekli, \u017ee maj\u00ed, \u017ee z\u00e1le\u017e\u00ed na tom, jak m\u00e1m velikou m\u00edstnost a jak \u00fa\u010dinnou \u010disti\u010dku vzduchu budu cht\u00edt. \u0158ekla jsem, \u017ee chci s uhl\u00edkov\u00fdm filtrem a tak\u00e9 takovou, aby to bylo do t\u0159iceti p\u011bti metr\u016f\u00a0\u010dtvere\u010dn\u00edch. Proto\u017ee m\u00e1me opravdu velik\u00e9 m\u00edstnosti. Pan prodava\u010d v elektru mi \u0159ekl, \u017ee maj\u00ed n\u011bkolik druh\u016f \u010disti\u010dek vzduchu. Tak jsem se \u0161la pod\u00edvat a byla jsem opravdu p\u0159ekvapen\u00e1, ale z\u00e1rove\u0148 ztracen\u00e1. Tolik typ\u016f a druh\u016f \u010disti\u010dek vzduchu, \u017ee m\u011b zrak p\u0159ech\u00e1zel. Opravdu jsem netu\u0161ila, \u017ee je tolik druh\u016f. \u010cekala jsem tak dva t\u0159i\u00a0druhy, ale ono jich tam bylo des\u00edtky!\u00a0To bylo tak obrovsk\u00e9 elektro, \u017ee jsem tomu ani nemohla uv\u011b\u0159it, tak\u017ee jsem si vybrala takovou zlatou st\u0159edn\u00ed cestou. Vybrala jsem si takovou vy\u0161\u0161\u00ed \u010disti\u010dku vzduchu. Takovou kr\u00e1snou \u0161t\u00edhlou a designovou a mn\u011b se to moc l\u00edbilo. Bylo to v dekoru d\u0159eva, m\u011bli tam tak\u00e9 tohle to sam\u00e9 v r\u016f\u017eov\u00e9m proveden\u00ed, ale m\u011b se l\u00edbil dekor d\u0159eva. P\u0159esn\u011b tohle se hodilo ke mn\u011b do ob\u00fdvac\u00edho pokoje a tak\u00e9 do d\u011btsk\u00e9ho pokoje, tak\u017ee jsem rad\u011bji vzala dv\u011b\u00a0\u010disti\u010dky vzduchu. Tohle elektro se mi opravdu l\u00edb\u00ed. A v\u00edte co? \u010cisti\u010dka vzduchu opravdu pohltila v\u0161echny z\u00e1pachy, v\u0161echny z\u00e1pachy z hospod\u00e1\u0159sk\u00fdch zv\u00ed\u0159at a tak\u00e9 ze zv\u00ed\u0159at, kter\u00e9 m\u00e1me doma. Jsem opravdu nad\u0161en\u00e1. Partner st\u00e1le p\u0159em\u00fd\u0161l\u00ed nad t\u00edm, \u017ee bychom si je\u0161t\u011b jednu\u00a0\u010disti\u010dku vzduchu po\u0159\u00eddili tak\u00e9 do lo\u017enice.\u00a0                                                                                                                                                                                                                                                                                                                                                                                        4.1\/5 - (7 votes)        "},{"@context":"https:\/\/schema.org\/","@type":"BreadcrumbList","itemListElement":[{"@type":"ListItem","position":1,"name":"\u010cisti\u010dka vzduchu","item":"https:\/\/www.ludana.cz\/cisticka-vzduchu\/#breadcrumbitem"}]}]